{"id":329,"date":"2022-09-15T15:40:24","date_gmt":"2022-09-15T13:40:24","guid":{"rendered":"https:\/\/la-barberie.fr\/?p=329"},"modified":"2022-09-15T15:53:10","modified_gmt":"2022-09-15T13:53:10","slug":"le-nez-de-jobourg-la-hague","status":"publish","type":"post","link":"https:\/\/la-barberie.fr\/?p=329","title":{"rendered":"le Nez de Jobourg &#8211; La Hague"},"content":{"rendered":"<p>[vc_row css=\u00a0\u00bb.vc_custom_1663247687147{padding-bottom: 80px !important;}\u00a0\u00bb][vc_column][vc_column_text]Les Brequets : Ce toponyme h\u00e9rit\u00e9 des Vikings signifie larges r\u00e9cifs. Ce sont en effet des vastes rochers qui sortent des flots non loin de la c\u00f4te. Les ch\u00e8vres : Ne soyez-pas surpris si, au d\u00e9tour d&rsquo;une promenade, vous vous retrouvez nez-\u00e0-nez avec une ch\u00e8vre de Jobourg.[\/vc_column_text][vc_empty_space][vc_column_text]<\/p>\n<p style=\"text-align: center;\"><strong>Le Nez de Jobourg se trouve \u00e0 La Hague \u00e0 58mins (63.2 km) de votre g\u00eete \u00e0 Saint-Marcouf<\/strong><\/p>\n<p>[\/vc_column_text][vc_empty_space]<div class=\"prelude-align-box text-center\"><div class=\"button-wrap icon-right\" style=\"\" ><a href=\"https:\/\/la-barberie.fr\/reserver\/\" target=\"_self\" class=\"prelude-button btn-725122222 medium no_icon custom custom outline solid custom\" style=\"border-width:1px;\"  data-background=\"#152d4a\" data-text=\"#ffffff\" data-border=\"\" data-text-hover=\"#152d4a\" data-background-hover=\"#ffffff\" data-border-hover=\"#152d4a\">\n\t\t<span style=\"\">R\u00e9server un g\u00eete en Normandie <\/span>\n\t<\/a><\/div><\/div>[\/vc_column][\/vc_row][vc_row fullwidth=\u00a0\u00bbyes\u00a0\u00bb css=\u00a0\u00bb.vc_custom_1663248682863{margin-top: 0px !important;margin-bottom: 60px !important;padding-top: 0px !important;padding-bottom: 0px !important;}\u00a0\u00bb][vc_column][vc_raw_html]JTNDaWZyYW1lJTIwc3JjJTNEJTIyaHR0cHMlM0ElMkYlMkZ3d3cuZ29vZ2xlLmNvbSUyRm1hcHMlMkZlbWJlZCUzRnBiJTNEJTIxMW0yOCUyMTFtMTIlMjExbTMlMjExZDE2NTU4Ny45MjU4NjEwNzkzNiUyMTJkLTEuNzQ5MjU0MDg0NDU0NjExOCUyMTNkNDkuNTczMDE1ODE0NjkzOTQ2JTIxMm0zJTIxMWYwJTIxMmYwJTIxM2YwJTIxM20yJTIxMWkxMDI0JTIxMmk3NjglMjE0ZjEzLjElMjE0bTEzJTIxM2UwJTIxNG01JTIxMXMweDQ4MGI3YTUxN2U2OGVkYzElMjUzQTB4ZWZkMzRmYTM3YTdiMjkxNSUyMTJzUnRlJTI1MjBkZSUyNTIwbGElMjUyMEJhcmJlcmllJTI1MkMlMjUyMDUwMzEwJTI1MjBTYWludC1NYXJjb3VmJTIxM20yJTIxMWQ0OS40NzM0MjA5JTIxMmQtMS4yNzgyMTc5OTk5OTk5OTk5JTIxNG01JTIxMXMweDQ4MGNlODI4OGZhNmZjOGQlMjUzQTB4MjY2NjNhOTkzNDlhMDRkYSUyMTJzTmV6JTI1MjBkZSUyNTIwSm9ib3VyZyUyNTJDJTI1MjBMYSUyNTIwSGFndWUlMjEzbTIlMjExZDQ5LjY3MTg4NyUyMTJkLTEuOTQwMTI2JTIxNWUwJTIxM20yJTIxMXNmciUyMTJzZnIlMjE0djE2NjMyNDkwNjQ0NzElMjE1bTIlMjExc2ZyJTIxMnNmciUyMiUyMHdpZHRoJTNEJTIyMTAwJTI1JTIyJTIwaGVpZ2h0JTNEJTIyNDUwJTIyJTIwc3R5bGUlM0QlMjJib3JkZXIlM0EwJTNCJTIyJTIwYWxsb3dmdWxsc2NyZWVuJTNEJTIyJTIyJTIwbG9hZGluZyUzRCUyMmxhenklMjIlMjByZWZlcnJlcnBvbGljeSUzRCUyMm5vLXJlZmVycmVyLXdoZW4tZG93bmdyYWRlJTIyJTNFJTNDJTJGaWZyYW1lJTNF[\/vc_raw_html][\/vc_column][\/vc_row][vc_row fullwidth=\u00a0\u00bbyes\u00a0\u00bb][vc_column][vc_media_grid gap=\u00a0\u00bb0&Prime; grid_id=\u00a0\u00bbvc_gid:1663249957073-b825a6fe-2d21-0&Prime; include=\u00a0\u00bb250,344,343&Prime;][\/vc_column][\/vc_row]<\/p>\n","protected":false},"excerpt":{"rendered":"<p>[vc_row css=\u00a0\u00bb.vc_custom_1663247687147{padding-bottom: 80px !important;}\u00a0\u00bb][vc_column][vc_column_text]Les Brequets : Ce toponyme h\u00e9rit\u00e9 des Vikings signifie larges r\u00e9cifs. Ce sont en effet des vastes rochers qui sortent des flots non loin de la c\u00f4te. Les ch\u00e8vres : Ne soyez-pas surpris si, au d\u00e9tour d&rsquo;une promenade, vous vous retrouvez nez-\u00e0-nez avec une ch\u00e8vre de Jobourg.[\/vc_column_text][vc_empty_space][vc_column_text]<\/p>\n","protected":false},"author":2,"featured_media":250,"comment_status":"closed","ping_status":"closed","sticky":false,"template":"","format":"standard","meta":{"footnotes":""},"categories":[24],"tags":[33,20,18,35,34,13,36],"class_list":["post-329","post","type-post","status-publish","format-standard","has-post-thumbnail","hentry","category-visites","tag-33","tag-d-day","tag-debarquement","tag-la-hague","tag-nez-de-jobourg","tag-normandie","tag-visiter-normandie"],"_links":{"self":[{"href":"https:\/\/la-barberie.fr\/index.php?rest_route=\/wp\/v2\/posts\/329","targetHints":{"allow":["GET"]}}],"collection":[{"href":"https:\/\/la-barberie.fr\/index.php?rest_route=\/wp\/v2\/posts"}],"about":[{"href":"https:\/\/la-barberie.fr\/index.php?rest_route=\/wp\/v2\/types\/post"}],"author":[{"embeddable":true,"href":"https:\/\/la-barberie.fr\/index.php?rest_route=\/wp\/v2\/users\/2"}],"replies":[{"embeddable":true,"href":"https:\/\/la-barberie.fr\/index.php?rest_route=%2Fwp%2Fv2%2Fcomments&post=329"}],"version-history":[{"count":4,"href":"https:\/\/la-barberie.fr\/index.php?rest_route=\/wp\/v2\/posts\/329\/revisions"}],"predecessor-version":[{"id":346,"href":"https:\/\/la-barberie.fr\/index.php?rest_route=\/wp\/v2\/posts\/329\/revisions\/346"}],"wp:featuredmedia":[{"embeddable":true,"href":"https:\/\/la-barberie.fr\/index.php?rest_route=\/wp\/v2\/media\/250"}],"wp:attachment":[{"href":"https:\/\/la-barberie.fr\/index.php?rest_route=%2Fwp%2Fv2%2Fmedia&parent=329"}],"wp:term":[{"taxonomy":"category","embeddable":true,"href":"https:\/\/la-barberie.fr\/index.php?rest_route=%2Fwp%2Fv2%2Fcategories&post=329"},{"taxonomy":"post_tag","embeddable":true,"href":"https:\/\/la-barberie.fr\/index.php?rest_route=%2Fwp%2Fv2%2Ftags&post=329"}],"curies":[{"name":"wp","href":"https:\/\/api.w.org\/{rel}","templated":true}]}}